{"id":830,"date":"2026-07-29T13:02:11","date_gmt":"2026-07-29T13:02:11","guid":{"rendered":"https:\/\/castillaleonaldia.com\/?p=830"},"modified":"2026-07-29T13:02:11","modified_gmt":"2026-07-29T13:02:11","slug":"rescate-de-montanero-en-gredos-tras-sincope","status":"publish","type":"post","link":"https:\/\/castillaleonaldia.com\/?p=830","title":{"rendered":"Rescate de Monta\u00f1ero en Gredos tras S\u00edncope"},"content":{"rendered":"<p>El Centro Coordinador de Emergencias gestion\u00f3 el rescate de un monta\u00f1ero que sufri\u00f3 un s\u00edncope en una zona pr\u00f3xima al risco de la Campan\u0303a, en la Sierra de Gredos, a una altitud de 2.300 metros. La intervenci\u00f3n se inici\u00f3 tras recibir una llamada de emergencia en la sala de operaciones del 1-1-2 de Castilla y Le\u00f3n a las 16:12 horas, informando que el monta\u00f1ero hab\u00eda perdido el conocimiento durante una ruta por la monta\u00f1a.<\/p>\n<p>El incidente ocurri\u00f3 en una zona de dif\u00edcil acceso, lo que complic\u00f3 las labores de rescate. El helic\u00f3ptero de rescate realiz\u00f3 varios vuelos para evaluar la situaci\u00f3n y buscar un lugar seguro para aterrizar. Finalmente, el monta\u00f1ero fue trasladado a la Laguna Grande, donde finaliz\u00f3 la intervenci\u00f3n de rescate.<\/p>\n<p>El equipo de rescate, compuesto por profesionales capacitados, actu\u00f3 con rapidez y eficacia para garantizar la seguridad del monta\u00f1ero afectado. Se realizaron maniobras de estabilizaci\u00f3n en el lugar antes de proceder al traslado.<\/p>\n<p>Este tipo de incidentes subraya la importancia de contar con equipos de rescate bien entrenados y equipados para intervenir en situaciones de emergencia en \u00e1reas monta\u00f1osas. Las autoridades recuerdan a los excursionistas la necesidad de tomar precauciones adicionales al realizar actividades en alta monta\u00f1a, especialmente en zonas de dif\u00edcil acceso y condiciones clim\u00e1ticas adversas.<\/p>\n<p>El rescate fue exitoso gracias a la coordinaci\u00f3n entre el Centro Coordinador de Emergencias y los equipos de rescate especializados, que lograron llevar a cabo la operaci\u00f3n sin mayores contratiempos. El monta\u00f1ero fue trasladado de manera segura y se encuentra en proceso de recuperaci\u00f3n.<\/p>\n","protected":false},"excerpt":{"rendered":"<p>Un monta\u00f1ero fue auxiliado en Gredos tras sufrir un s\u00edncope a 2.300 metros de altitud.<\/p>\n","protected":false},"author":1,"featured_media":831,"comment_status":"open","ping_status":"open","sticky":false,"template":"","format":"standard","meta":{"_acf_changed":false,"footnotes":""},"categories":[18],"tags":[],"class_list":["post-830","post","type-post","status-publish","format-standard","has-post-thumbnail","hentry","category-avila"],"acf":[],"_links":{"self":[{"href":"https:\/\/castillaleonaldia.com\/index.php?rest_route=\/wp\/v2\/posts\/830","targetHints":{"allow":["GET"]}}],"collection":[{"href":"https:\/\/castillaleonaldia.com\/index.php?rest_route=\/wp\/v2\/posts"}],"about":[{"href":"https:\/\/castillaleonaldia.com\/index.php?rest_route=\/wp\/v2\/types\/post"}],"author":[{"embeddable":true,"href":"https:\/\/castillaleonaldia.com\/index.php?rest_route=\/wp\/v2\/users\/1"}],"replies":[{"embeddable":true,"href":"https:\/\/castillaleonaldia.com\/index.php?rest_route=%2Fwp%2Fv2%2Fcomments&post=830"}],"version-history":[{"count":0,"href":"https:\/\/castillaleonaldia.com\/index.php?rest_route=\/wp\/v2\/posts\/830\/revisions"}],"wp:featuredmedia":[{"embeddable":true,"href":"https:\/\/castillaleonaldia.com\/index.php?rest_route=\/wp\/v2\/media\/831"}],"wp:attachment":[{"href":"https:\/\/castillaleonaldia.com\/index.php?rest_route=%2Fwp%2Fv2%2Fmedia&parent=830"}],"wp:term":[{"taxonomy":"category","embeddable":true,"href":"https:\/\/castillaleonaldia.com\/index.php?rest_route=%2Fwp%2Fv2%2Fcategories&post=830"},{"taxonomy":"post_tag","embeddable":true,"href":"https:\/\/castillaleonaldia.com\/index.php?rest_route=%2Fwp%2Fv2%2Ftags&post=830"}],"curies":[{"name":"wp","href":"https:\/\/api.w.org\/{rel}","templated":true}]}}