{"id":832,"date":"2026-07-29T13:02:24","date_gmt":"2026-07-29T13:02:24","guid":{"rendered":"https:\/\/castillaleonaldia.com\/?p=832"},"modified":"2026-07-29T13:02:24","modified_gmt":"2026-07-29T13:02:24","slug":"la-lirica-nacional-regresa-a-soria-con-expoesia-2022-2","status":"publish","type":"post","link":"https:\/\/castillaleonaldia.com\/?p=832","title":{"rendered":"La l\u00edrica nacional regresa a Soria con Expoes\u00eda 2022"},"content":{"rendered":"<p>La ciudad de Soria se convierte en el epicentro de la l\u00edrica nacional con la celebraci\u00f3n de Expoes\u00eda 2022, un evento que rinde homenaje a las creadoras de la Generaci\u00f3n del 27. Este certamen, que se desarrolla en la Alameda de Cervantes, ofrece una intensa programaci\u00f3n que combina presentaciones de libros, recitales, talleres y actividades para el p\u00fablico infantil.<\/p>\n<p>Seg\u00fan la concejala de Igualdad, Gloria Gonzalo, el objetivo es destacar a estas creadoras \u00aben una cuesti\u00f3n de memoria y tambi\u00e9n de justicia social y de reconocimiento\u00bb. Gonzalo ha recordado que muchas de estas mujeres fueron apartadas o, a trav\u00e9s de nombres masculinos, relegadas al olvido, y ha subrayado la importancia de rescatar su legado en el \u00e1mbito cultural.<\/p>\n<p>La Guerra Civil, el exilio, la dictadura y una construcci\u00f3n profundamente machista del relato cultural provocaron que muchas de estas creadoras quedaran en el olvido, seg\u00fan Gonzalo. \u00abEs necesario que la literatura sea la ocupaci\u00f3n de todos\u00bb, a\u00f1adi\u00f3.<\/p>\n<p>El evento se celebra del 3 al 9 de agosto, resaltando el papel de las mujeres en la literatura. La Alameda de Cervantes se convierte en el escenario principal, aunque tambi\u00e9n se realizar\u00e1n actividades en el Parque de la Dehesa, con propuestas para todos los p\u00fablicos.<\/p>\n<p>Entre las actividades destacan los encuentros con autores, las conferencias del ciclo &#8216;Conteleaci\u00f3n del 27&#8217; y las lecturas po\u00e9ticas. Adem\u00e1s, la programaci\u00f3n se complementa con exposiciones tem\u00e1ticas, proyecciones de cine documental y talleres dise\u00f1ados tanto para adultos como para el p\u00fablico infantil.<\/p>\n<p>**Lunes 3 de agosto: Inauguraci\u00f3n y primeras actividades**<\/p>\n<p>La jornada inaugural arranca a las 12:00 horas en la Pista Alameda con la apertura oficial de la feria y la intervenci\u00f3n de la poeta y periodista Lul\u00faas Antol\u00edn. Poco despu\u00e9s, a las 13:15 horas, tendr\u00e1 lugar el &#8216;Palabras para la modernidad&#8217; a cargo de Berta Garc\u00eda Faet.<\/p>\n<p>Las actividades contin\u00faan a las 18:30 horas con la presentaci\u00f3n de los libros &#8216;Anhelo amanecer a tus tempestades&#8217; y &#8216;Cuaderno Masec&#8217;, de Zayda Mart\u00ednez y Josefa Aguado. A las 21:00 horas, Hilario Jim\u00e9nez presenta su espect\u00e1culo &#8216;Emancipaci\u00f3n y compromiso&#8217; en la Pista Alameda.<\/p>\n<p>**Martes 4 de agosto: Talleres, conferencias y teatro infantil**<\/p>\n<p>El martes comienza a las 11:00 horas con el taller familiar &#8216;Las matem\u00e1ticas se tocan&#8217;, impartido por Jorge \u00c1ngel M\u00fagica. A las 11:45 horas, Noelia Palacio presentar\u00e1 su obra &#8216;Cruzar la noche&#8217;, y desde las 12:30 horas la conferencia de Pepe M\u00e9ndez sobre las mujeres del 27.<\/p>\n<p>A las 17:00 horas, Amalia Iglesias ofrecer\u00e1 un recital po\u00e9tico, mientras que el teatro se retomar\u00e1 a las 18:30 horas con las lecturas de Manuel N\u00fa\u00f1ez y Pepa Merlo. Adem\u00e1s, los m\u00e1s peque\u00f1os podr\u00e1n disfrutar de la representaci\u00f3n &#8216;Los m\u00fasicos de Bremen&#8217; de la compa\u00f1\u00eda Xip Xap en el Parque de la Dehesa.<\/p>\n<p>**Mi\u00e9rcoles 5 de agosto: M\u00fasica, t\u00edteres y danza**<\/p>\n<p>La ma\u00f1ana del mi\u00e9rcoles ofrece el taller infantil de danza &#8216;Respira, sopla, baila&#8217; a las 11:00 horas tambi\u00e9n en la Dehesa, y a partir de las 13:00 horas, la Biblioteca P\u00fablica acoger\u00e1 las charlas de Aida Tutor y Camila Pe\u00f1a.<\/p>\n<p>Por la tarde, la m\u00fasica infantil llega de la mano de la Banda Municipal de Soria, que se presentar\u00e1 a las 21:30 horas en el claustro de la iglesia de San Juan de Duero.<\/p>\n<p>**Jueves 6 de agosto: Poes\u00eda contempor\u00e1nea y danza para adultos**<\/p>\n<p>El jueves se inicia con lecturas po\u00e9ticas a las 11:00 horas y el taller de danza &#8216;Respirando poes\u00eda&#8217; para j\u00f3venes y adultos en la Dehesa. A las 13:15 horas, el reconocido autor soriano Ferm\u00edn Herrero presentar\u00e1 sus \u00faltimas obras, seguido por la conferencia de Pura Fern\u00e1ndez sobre Concha M\u00e9ndez a las 12:30 horas.<\/p>\n<p>Por la tarde, a las 18:30 horas, se ofrecer\u00e1 una representaci\u00f3n teatral de la obra de Sonia Moll sobre Merc\u00e8 Rodoreda.<\/p>\n<p>**Viernes 7 de agosto: Radio en directo y &#8216;La raigambre hallada&#8217;**<\/p>\n<p>El viernes destaca por la emisi\u00f3n en directo del programa de Radio Nacional de Espa\u00f1a &#8216;El ojo cr\u00edtico&#8217; a las 12:00 horas desde la Pista Alameda. Previamente, se presentar\u00e1n las obras de Natalia Calder\u00f3n y Andrea de la Morena.<\/p>\n<p>**S\u00e1bado 8 de agosto: Vanguardia y nuevos caminos po\u00e9ticos**<\/p>\n<p>El s\u00e1bado arranca a las 11:00 horas con la presentaci\u00f3n de la colecci\u00f3n &#8216;Vanguardia y nuevos caminos po\u00e9ticos&#8217;. A las 14:15 horas, se celebrar\u00e1 una mesa redonda con autores contempor\u00e1neos que debatir\u00e1n sobre el futuro de la poes\u00eda en el siglo XXI.<\/p>\n","protected":false},"excerpt":{"rendered":"<p>Del 3 al 9 de agosto, la Alameda de Cervantes acoge una programaci\u00f3n gratuita con recitales, talleres y actividades culturales.<\/p>\n","protected":false},"author":1,"featured_media":833,"comment_status":"open","ping_status":"open","sticky":false,"template":"","format":"standard","meta":{"_acf_changed":false,"footnotes":""},"categories":[18],"tags":[],"class_list":["post-832","post","type-post","status-publish","format-standard","has-post-thumbnail","hentry","category-avila"],"acf":[],"_links":{"self":[{"href":"https:\/\/castillaleonaldia.com\/index.php?rest_route=\/wp\/v2\/posts\/832","targetHints":{"allow":["GET"]}}],"collection":[{"href":"https:\/\/castillaleonaldia.com\/index.php?rest_route=\/wp\/v2\/posts"}],"about":[{"href":"https:\/\/castillaleonaldia.com\/index.php?rest_route=\/wp\/v2\/types\/post"}],"author":[{"embeddable":true,"href":"https:\/\/castillaleonaldia.com\/index.php?rest_route=\/wp\/v2\/users\/1"}],"replies":[{"embeddable":true,"href":"https:\/\/castillaleonaldia.com\/index.php?rest_route=%2Fwp%2Fv2%2Fcomments&post=832"}],"version-history":[{"count":0,"href":"https:\/\/castillaleonaldia.com\/index.php?rest_route=\/wp\/v2\/posts\/832\/revisions"}],"wp:featuredmedia":[{"embeddable":true,"href":"https:\/\/castillaleonaldia.com\/index.php?rest_route=\/wp\/v2\/media\/833"}],"wp:attachment":[{"href":"https:\/\/castillaleonaldia.com\/index.php?rest_route=%2Fwp%2Fv2%2Fmedia&parent=832"}],"wp:term":[{"taxonomy":"category","embeddable":true,"href":"https:\/\/castillaleonaldia.com\/index.php?rest_route=%2Fwp%2Fv2%2Fcategories&post=832"},{"taxonomy":"post_tag","embeddable":true,"href":"https:\/\/castillaleonaldia.com\/index.php?rest_route=%2Fwp%2Fv2%2Ftags&post=832"}],"curies":[{"name":"wp","href":"https:\/\/api.w.org\/{rel}","templated":true}]}}