{"id":834,"date":"2026-07-29T13:02:49","date_gmt":"2026-07-29T13:02:49","guid":{"rendered":"https:\/\/castillaleonaldia.com\/?p=834"},"modified":"2026-07-29T13:02:49","modified_gmt":"2026-07-29T13:02:49","slug":"el-campus-de-verano-del-abanca-ademar-leon-en-marcha-en-astorga","status":"publish","type":"post","link":"https:\/\/castillaleonaldia.com\/?p=834","title":{"rendered":"El Campus de Verano del Abanca Ademar Le\u00f3n en Marcha en Astorga"},"content":{"rendered":"<p>El campus de verano del Abanca Ademar ya rueda. Desde el pasado lunes y hasta el pr\u00f3ximo domingo 2 de agosto en Astorga. Con el Seminario como lugar de residencia, los alumnos participan estos d\u00edas en sesiones de entrenamientos en las instalaciones deportivas de la ciudad y tecnificaci\u00f3n, compartiendo las horas con momentos de ocio. Precisamente en estas sesiones toman parte los jugadores de la primera plantilla del club ademarista, que son los encargados de ense\u00f1ar a los alumnos las peculiaridades de cada puesto en el juego y su din\u00e1mica espec\u00edfica.<\/p>\n<p>El campus de verano del Ademar Le\u00f3n est\u00e1 destinado a alumnos entre los 10 a 17 a\u00f1os y ya tiene completas las plazas ofertadas, lo que sin duda alguna refleja su atractivo. Ilusi\u00f3n, compa\u00f1erismo y mucho juego son lo que aprender con parte de los ingredientes de esta iniciativa que tiene un a\u00f1o m\u00e1s a la ciudad de Astorga como escenario.<\/p>\n<p>Alumnos procedentes de diferentes puntos de la geograf\u00eda toman parte en este campus en el que la formaci\u00f3n ocupa un papel importante en todos los aspectos. Y tambi\u00e9n la diversi\u00f3n con momentos de ocio y ruedas que uno de los participantes hasta el pr\u00f3ximo domingo 2 de agosto.<\/p>\n","protected":false},"excerpt":{"rendered":"<p>J\u00f3venes de 10 a 17 a\u00f1os participan en sesiones de entrenamiento y actividades l\u00fadicas hasta el 2 de agosto.<\/p>\n","protected":false},"author":1,"featured_media":835,"comment_status":"open","ping_status":"open","sticky":false,"template":"","format":"standard","meta":{"_acf_changed":false,"footnotes":""},"categories":[19],"tags":[],"class_list":["post-834","post","type-post","status-publish","format-standard","has-post-thumbnail","hentry","category-leon"],"acf":[],"_links":{"self":[{"href":"https:\/\/castillaleonaldia.com\/index.php?rest_route=\/wp\/v2\/posts\/834","targetHints":{"allow":["GET"]}}],"collection":[{"href":"https:\/\/castillaleonaldia.com\/index.php?rest_route=\/wp\/v2\/posts"}],"about":[{"href":"https:\/\/castillaleonaldia.com\/index.php?rest_route=\/wp\/v2\/types\/post"}],"author":[{"embeddable":true,"href":"https:\/\/castillaleonaldia.com\/index.php?rest_route=\/wp\/v2\/users\/1"}],"replies":[{"embeddable":true,"href":"https:\/\/castillaleonaldia.com\/index.php?rest_route=%2Fwp%2Fv2%2Fcomments&post=834"}],"version-history":[{"count":0,"href":"https:\/\/castillaleonaldia.com\/index.php?rest_route=\/wp\/v2\/posts\/834\/revisions"}],"wp:featuredmedia":[{"embeddable":true,"href":"https:\/\/castillaleonaldia.com\/index.php?rest_route=\/wp\/v2\/media\/835"}],"wp:attachment":[{"href":"https:\/\/castillaleonaldia.com\/index.php?rest_route=%2Fwp%2Fv2%2Fmedia&parent=834"}],"wp:term":[{"taxonomy":"category","embeddable":true,"href":"https:\/\/castillaleonaldia.com\/index.php?rest_route=%2Fwp%2Fv2%2Fcategories&post=834"},{"taxonomy":"post_tag","embeddable":true,"href":"https:\/\/castillaleonaldia.com\/index.php?rest_route=%2Fwp%2Fv2%2Ftags&post=834"}],"curies":[{"name":"wp","href":"https:\/\/api.w.org\/{rel}","templated":true}]}}