{"id":844,"date":"2026-08-09T09:16:24","date_gmt":"2026-08-09T09:16:24","guid":{"rendered":"https:\/\/castillaleonaldia.com\/?p=844"},"modified":"2026-08-09T09:16:24","modified_gmt":"2026-08-09T09:16:24","slug":"sergio-fuertes-y-martinez-mas-destacan-en-el-gp-de-la-baneza","status":"publish","type":"post","link":"https:\/\/castillaleonaldia.com\/?p=844","title":{"rendered":"Sergio Fuertes y Mart\u00ednez Mas destacan en el GP de La Ba\u00f1eza"},"content":{"rendered":"<p>El GP de La Ba\u00f1eza celebr\u00f3 una jornada  de entrenos y clasificaci\u00f3n memorable este S\u00e1bado, destacando la actuaci\u00f3n de Sergio Fuertes y Alejandro Mart\u00ednez Mas, quienes demostraron su habilidad y experiencia en la pista. Este evento, que se ha convertido en un cl\u00e1sico del motociclismo, reuni\u00f3 a numerosos aficionados que disfrutaron de un espect\u00e1culo lleno de adrenalina.<\/p>\n<p>Sergio Fuertes, con una impresionante trayectoria que incluye 12 coronas de laurel, se posicion\u00f3 como uno de los favoritos desde el inicio. En la categor\u00eda de 2 Tiempos, Fuertes logr\u00f3 marcar el mejor tiempo en los entrenamientos cronometrados con un registro de 1:17.875, lo que lo coloc\u00f3 en una posici\u00f3n privilegiada para la carrera.<\/p>\n<p>Por su parte, Alejandro Mart\u00ednez Mas tambi\u00e9n dej\u00f3 su huella en el evento. En la categor\u00eda GP 125\/Moto3, Mart\u00ednez Mas demostr\u00f3 su destreza al conseguir el mejor crono de 1:20.171, asegurando as\u00ed su lugar entre los mejores de la jornada. Su actuaci\u00f3n fue respaldada por un equipo s\u00f3lido que incluy\u00f3 a destacados pilotos como Francisco Javier Ibarrio y Aitor Cernadas.<\/p>\n<p>El evento no estuvo exento de incidentes, ya que los entrenamientos cronometrados vieron un accidente que involucr\u00f3 a dos pilotos. Afortunadamente, las consecuencias fueron menores y no impidieron que el espect\u00e1culo continuara con normalidad.<\/p>\n<p>Adem\u00e1s de Fuertes y Mart\u00ednez Mas, otros pilotos como Juan Carlos Espi y David Garc\u00eda Bango tambi\u00e9n destacaron en sus respectivas categor\u00edas. Espi, en la categor\u00eda de Cl\u00e1sicas, logr\u00f3 un tiempo de 1:21.714, mientras que Garc\u00eda Bango se impuso en Moto Club Ba\u00f1ezano con un tiempo de 1:17 en su mejor vuelta.<\/p>\n<p>El GP de La Ba\u00f1eza no solo es un evento deportivo, sino tambi\u00e9n una celebraci\u00f3n de la pasi\u00f3n por el motociclismo que une a pilotos y aficionados en un ambiente de camarader\u00eda y emoci\u00f3n. La edici\u00f3n de este a\u00f1o ha dejado claro que el esp\u00edritu competitivo y la dedicaci\u00f3n de los pilotos contin\u00faan siendo el motor que impulsa este prestigioso evento.<\/p>\n","protected":false},"excerpt":{"rendered":"<p>Los pilotos brillan en una jornada llena de emoci\u00f3n y velocidad en el tradicional evento de motociclismo.<\/p>\n","protected":false},"author":1,"featured_media":845,"comment_status":"open","ping_status":"open","sticky":false,"template":"","format":"standard","meta":{"_acf_changed":false,"footnotes":""},"categories":[19],"tags":[],"class_list":["post-844","post","type-post","status-publish","format-standard","has-post-thumbnail","hentry","category-leon"],"acf":[],"_links":{"self":[{"href":"https:\/\/castillaleonaldia.com\/index.php?rest_route=\/wp\/v2\/posts\/844","targetHints":{"allow":["GET"]}}],"collection":[{"href":"https:\/\/castillaleonaldia.com\/index.php?rest_route=\/wp\/v2\/posts"}],"about":[{"href":"https:\/\/castillaleonaldia.com\/index.php?rest_route=\/wp\/v2\/types\/post"}],"author":[{"embeddable":true,"href":"https:\/\/castillaleonaldia.com\/index.php?rest_route=\/wp\/v2\/users\/1"}],"replies":[{"embeddable":true,"href":"https:\/\/castillaleonaldia.com\/index.php?rest_route=%2Fwp%2Fv2%2Fcomments&post=844"}],"version-history":[{"count":0,"href":"https:\/\/castillaleonaldia.com\/index.php?rest_route=\/wp\/v2\/posts\/844\/revisions"}],"wp:featuredmedia":[{"embeddable":true,"href":"https:\/\/castillaleonaldia.com\/index.php?rest_route=\/wp\/v2\/media\/845"}],"wp:attachment":[{"href":"https:\/\/castillaleonaldia.com\/index.php?rest_route=%2Fwp%2Fv2%2Fmedia&parent=844"}],"wp:term":[{"taxonomy":"category","embeddable":true,"href":"https:\/\/castillaleonaldia.com\/index.php?rest_route=%2Fwp%2Fv2%2Fcategories&post=844"},{"taxonomy":"post_tag","embeddable":true,"href":"https:\/\/castillaleonaldia.com\/index.php?rest_route=%2Fwp%2Fv2%2Ftags&post=844"}],"curies":[{"name":"wp","href":"https:\/\/api.w.org\/{rel}","templated":true}]}}