{"id":852,"date":"2026-08-12T09:10:14","date_gmt":"2026-08-12T09:10:14","guid":{"rendered":"https:\/\/castillaleonaldia.com\/?p=852"},"modified":"2026-08-12T09:10:14","modified_gmt":"2026-08-12T09:10:14","slug":"controversia-en-soria-por-la-construccion-de-un-centro-de-refugiados","status":"publish","type":"post","link":"https:\/\/castillaleonaldia.com\/?p=852","title":{"rendered":"Controversia en Soria por la construcci\u00f3n de un centro de refugiados"},"content":{"rendered":"<p>La \u00abinvasi\u00f3n de inmigrantes irregulares en Ceuta ha sido una desgracia evitable\u00bb, ha se\u00f1alado Jim\u00e9nez, quien acusa al Gobierno central de no haber actuado con suficiente contundencia ante la situaci\u00f3n vivida en la ciudad aut\u00f3noma. El dirigente popular considera que lo ocurrido en Ceuta evidencia, a su juicio, la necesidad de modificar la pol\u00edtica migratoria del Ejecutivo. \u00abNecesitamos un Gobierno que sea escrupuloso con toda Espa\u00f1a con una materia tan importante como la inmigraci\u00f3n\u00bb, ha defendido. Y es precisamente en este punto donde Jim\u00e9nez traslada el debate hasta Soria. El senador popular vuelve a cuestionar la construcci\u00f3n del CAPI de Los Royales, un proyecto promovido por el Ministerio de Inclusi\u00f3n, Seguridad Social y Migraciones y que se encuentra actualmente en ejecuci\u00f3n.<\/p>\n<p>Cr\u00edticas a Mart\u00ednez<\/p>\n<p>\u00abEn Soria tambi\u00e9n nos encontramos el centro de refugiados que ampar\u00f3 Carlos Mart\u00ednez, quiz\u00e1 por compensar ciertos favores\u00bb, ha manifestado Jim\u00e9nez, en referencia al que fuera alcalde de Soria y ahora secretario general del PSOECLy y portavoz en las Cortes. El concejal popular sostiene adem\u00e1s que el centro superar\u00e1 las 120 plazas que, seg\u00fan afirma, permite la normativa auton\u00f3mica y cuestiona la base jur\u00eddica utilizada para justificar esa capacidad. \u00abAbrir un centro por encima de las 120 plazas que la normativa de Castilla y Le\u00f3n permite ampar\u00e1ndose en un informe de la Abogac\u00eda del Estado que no existe\u00bb, ha asegurado.<\/p>\n<p>El centro que se est\u00e1 levantando en Los Royales tendr\u00e1, seg\u00fan los datos facilitados por el Gobierno, 203 plazas y est\u00e1 previsto que entre en ejecuci\u00f3n el pr\u00f3ximo mes de noviembre. El complejo supone una inversi\u00f3n de 13,2 millones de euros y est\u00e1 siendo construido por Ortiz Construcciones y Proyectos en una parcela situada entre la avenida Europa y el paseo de Los Royales. El inmueble se articula en dos cuerpos y forma parte de la estrategia del Ministerio de Inclusi\u00f3n para ampliar la red p\u00fablica de acogida.<\/p>\n<p>El suelo sobre el que se levanta fue inicialmente ofrecido por el Ayuntamiento de Soria y posteriormente adquirido por el Ministerio. El Gobierno ha defendido la utilidad de estas instalaciones y ha detallado que los centros de acogida de protecci\u00f3n internacional de titularidad p\u00fablica prestan servicios de acogida y manutenci\u00f3n, intervenci\u00f3n social, traducci\u00f3n e interpretaci\u00f3n, atenci\u00f3n psicol\u00f3gica, atenci\u00f3n sanitaria y formaci\u00f3n y empleo. El Ejecutivo tambi\u00e9n ha destacado la aportaci\u00f3n de este tipo de recursos a la econom\u00eda local y ha precisado los perfiles de las personas que ser\u00e1n atendidas en el centro soriano.<\/p>\n<p>Un planteamiento que no convence al PP de Soria. Jim\u00e9nez reclama que el proyecto se someta al debate que, en su opini\u00f3n, no se ha producido con los vecinos afectados. \u00abSi est\u00e1n tan seguros de los beneficios de este centro, que vayan a los tribunales o pregunten a ver a los sorianos qu\u00e9 queremos\u00bb, ha reclamado. El senador popular pone especialmente el acento en el barrio de Los Royales y acusa a los responsables socialistas de haber ignorado las demandas de sus residentes. \u00abHan decepcionado a los vecinos de Los Royales, han ignorado a los sorianos y adem\u00e1s han incumplido hasta sus propias promesas\u00bb, ha denunciado.<\/p>\n<p>Entre esas promesas sit\u00faa el polideportivo comprometido para el barrio. \u00abPrometieron un polideportivo para el barrio y ahora tienen que lo han enterrado\u00bb, ha a\u00f1adido. Jim\u00e9nez considera que existe un v\u00ednculo entre ambas situaciones y acusa al PSOE de utilizar Soria como escenario de pol\u00edticas que considera improvisadas. \u00abNada de nada. Los socialistas nos est\u00e1n enga\u00f1ando porque utilizan nuestra tierra como laboratorio de pol\u00edticas improvisadas\u00bb, ha afirmado.<\/p>\n<p>El concejal y senador popular ha cerrado su intervenci\u00f3n con una advertencia pol\u00edtica: \u00abEl Partido Popular no va a callarse ni ante el ejemplo de la invasi\u00f3n de Ceuta ni de este atropello en Los Royales.\u00bb<\/p>\n","protected":false},"excerpt":{"rendered":"<p>El proyecto del CAPI de Los Royales genera cr\u00edticas y preocupaciones entre los pol\u00edticos locales.<\/p>\n","protected":false},"author":1,"featured_media":853,"comment_status":"open","ping_status":"open","sticky":false,"template":"","format":"standard","meta":{"_acf_changed":false,"footnotes":""},"categories":[23],"tags":[],"class_list":["post-852","post","type-post","status-publish","format-standard","has-post-thumbnail","hentry","category-soria"],"acf":[],"_links":{"self":[{"href":"https:\/\/castillaleonaldia.com\/index.php?rest_route=\/wp\/v2\/posts\/852","targetHints":{"allow":["GET"]}}],"collection":[{"href":"https:\/\/castillaleonaldia.com\/index.php?rest_route=\/wp\/v2\/posts"}],"about":[{"href":"https:\/\/castillaleonaldia.com\/index.php?rest_route=\/wp\/v2\/types\/post"}],"author":[{"embeddable":true,"href":"https:\/\/castillaleonaldia.com\/index.php?rest_route=\/wp\/v2\/users\/1"}],"replies":[{"embeddable":true,"href":"https:\/\/castillaleonaldia.com\/index.php?rest_route=%2Fwp%2Fv2%2Fcomments&post=852"}],"version-history":[{"count":0,"href":"https:\/\/castillaleonaldia.com\/index.php?rest_route=\/wp\/v2\/posts\/852\/revisions"}],"wp:featuredmedia":[{"embeddable":true,"href":"https:\/\/castillaleonaldia.com\/index.php?rest_route=\/wp\/v2\/media\/853"}],"wp:attachment":[{"href":"https:\/\/castillaleonaldia.com\/index.php?rest_route=%2Fwp%2Fv2%2Fmedia&parent=852"}],"wp:term":[{"taxonomy":"category","embeddable":true,"href":"https:\/\/castillaleonaldia.com\/index.php?rest_route=%2Fwp%2Fv2%2Fcategories&post=852"},{"taxonomy":"post_tag","embeddable":true,"href":"https:\/\/castillaleonaldia.com\/index.php?rest_route=%2Fwp%2Fv2%2Ftags&post=852"}],"curies":[{"name":"wp","href":"https:\/\/api.w.org\/{rel}","templated":true}]}}