{"id":868,"date":"2026-08-17T10:17:02","date_gmt":"2026-08-17T10:17:02","guid":{"rendered":"https:\/\/castillaleonaldia.com\/?p=868"},"modified":"2026-08-17T10:17:02","modified_gmt":"2026-08-17T10:17:02","slug":"soria-se-prepara-para-un-domingo-de-tormentas-tras-aviso-naranja","status":"publish","type":"post","link":"https:\/\/castillaleonaldia.com\/?p=868","title":{"rendered":"Soria se prepara para un domingo de tormentas tras aviso naranja"},"content":{"rendered":"<p>La provincia de Soria se prepara para un domingo marcado por la inestabilidad meteorol\u00f3gica tras el aviso naranja que rigi\u00f3 el s\u00e1bado. Seg\u00fan la Agencia Estatal de Meteorolog\u00eda (AEMET), aunque se espera una ligera tregua en las temperaturas, la posibilidad de tormentas se mantendr\u00e1 presente, especialmente durante la tarde.<\/p>\n<p>En la capital de Soria, las temperaturas oscilar\u00e1n entre los 14 y los 30 grados. La jornada comenzar\u00e1 con cielos nubosos y temperaturas alrededor de los 15 grados, alcanzando los 29 grados hacia el mediod\u00eda. A partir de ese momento, se espera un aumento de la nubosidad, lo que podr\u00eda dar lugar a tormentas y lluvias escasas. La probabilidad de precipitaci\u00f3n se sit\u00faa entre el 75% y el 12% desde las 12:00 hasta las 18:00 horas. Para la noche, el cielo tender\u00e1 a despejarse.<\/p>\n<p>En Almaz\u00e1n, el clima ser\u00e1 algo m\u00e1s c\u00e1lido, con temperaturas m\u00ednimas de 14 grados y m\u00e1ximas de 31. La ma\u00f1ana ser\u00e1 estable, con cielos despejados, pero la tarde podr\u00eda traer nubosidad y un 50% de probabilidad de lluvias escasas, seg\u00fan AEMET.<\/p>\n<p>El Burgo de Osma tambi\u00e9n enfrentar\u00e1 un d\u00eda caluroso, aunque con la posibilidad de tormentas debido a la inestabilidad atmosf\u00e9rica. La evoluci\u00f3n del tiempo ser\u00e1 similar a la de otras localidades, con ma\u00f1anas m\u00e1s tranquilas y tardes potencialmente tormentosas.<\/p>\n<p>Este cambio clim\u00e1tico en Soria llega despu\u00e9s de un s\u00e1bado de intenso calor, ofreciendo un respiro con temperaturas m\u00e1s moderadas. Sin embargo, la poblaci\u00f3n deber\u00e1 estar atenta a la evoluci\u00f3n del clima, especialmente en la tarde, cuando las tormentas podr\u00edan hacer su aparici\u00f3n. La AEMET continuar\u00e1 monitoreando la situaci\u00f3n para proporcionar actualizaciones oportunas sobre las condiciones meteorol\u00f3gicas.<\/p>\n<p class=\"aviso-ia\" style=\"margin-top:1.5em;padding-top:.75em;border-top:1px solid #ddd;font-size:.85em;color:#666;font-style:italic\"><strong>Transparencia:<\/strong> Elaborado con asistencia de inteligencia artificial y revisado editorialmente por la redacci\u00f3n. Imagen generada o manipulada con IA.<\/p>\n","protected":false},"excerpt":{"rendered":"<p>La provincia experimentar\u00e1 un respiro del calor, pero con inestabilidad y riesgo de tormentas.<\/p>\n","protected":false},"author":1,"featured_media":869,"comment_status":"open","ping_status":"open","sticky":false,"template":"","format":"standard","meta":{"_acf_changed":false,"footnotes":""},"categories":[23],"tags":[],"class_list":["post-868","post","type-post","status-publish","format-standard","has-post-thumbnail","hentry","category-soria"],"acf":[],"_links":{"self":[{"href":"https:\/\/castillaleonaldia.com\/index.php?rest_route=\/wp\/v2\/posts\/868","targetHints":{"allow":["GET"]}}],"collection":[{"href":"https:\/\/castillaleonaldia.com\/index.php?rest_route=\/wp\/v2\/posts"}],"about":[{"href":"https:\/\/castillaleonaldia.com\/index.php?rest_route=\/wp\/v2\/types\/post"}],"author":[{"embeddable":true,"href":"https:\/\/castillaleonaldia.com\/index.php?rest_route=\/wp\/v2\/users\/1"}],"replies":[{"embeddable":true,"href":"https:\/\/castillaleonaldia.com\/index.php?rest_route=%2Fwp%2Fv2%2Fcomments&post=868"}],"version-history":[{"count":0,"href":"https:\/\/castillaleonaldia.com\/index.php?rest_route=\/wp\/v2\/posts\/868\/revisions"}],"wp:featuredmedia":[{"embeddable":true,"href":"https:\/\/castillaleonaldia.com\/index.php?rest_route=\/wp\/v2\/media\/869"}],"wp:attachment":[{"href":"https:\/\/castillaleonaldia.com\/index.php?rest_route=%2Fwp%2Fv2%2Fmedia&parent=868"}],"wp:term":[{"taxonomy":"category","embeddable":true,"href":"https:\/\/castillaleonaldia.com\/index.php?rest_route=%2Fwp%2Fv2%2Fcategories&post=868"},{"taxonomy":"post_tag","embeddable":true,"href":"https:\/\/castillaleonaldia.com\/index.php?rest_route=%2Fwp%2Fv2%2Ftags&post=868"}],"curies":[{"name":"wp","href":"https:\/\/api.w.org\/{rel}","templated":true}]}}