{"id":870,"date":"2026-08-17T19:56:13","date_gmt":"2026-08-17T19:56:13","guid":{"rendered":"https:\/\/castillaleonaldia.com\/?p=870"},"modified":"2026-08-17T19:56:13","modified_gmt":"2026-08-17T19:56:13","slug":"comerciantes-de-leon-denuncian-falta-de-planificacion-en-obras-municipales","status":"publish","type":"post","link":"https:\/\/castillaleonaldia.com\/?p=870","title":{"rendered":"Comerciantes de Le\u00f3n denuncian falta de planificaci\u00f3n en obras municipales"},"content":{"rendered":"<p>La falta de planificaci\u00f3n y organizaci\u00f3n por parte de las autoridades municipales ha generado una situaci\u00f3n cr\u00edtica para los comerciantes de una de las zonas m\u00e1s tur\u00edsticas de Le\u00f3n. En un comunicado difundido por &#8216;latrastiendadel13&#8217;, se expresa el descontento de los empresarios locales ante la imposibilidad de montar terrazas y abrir sus restaurantes a mediod\u00eda en pleno mes de agosto, una temporada crucial para el sector.<\/p>\n<p>Los comerciantes denuncian que no han recibido informaci\u00f3n ni explicaciones sobre las obras que afectan a toda la zona, lo que les ha impedido planificar y adaptar sus actividades. Esta falta de comunicaci\u00f3n ha generado p\u00e9rdidas econ\u00f3micas significativas, sin que nadie asuma la responsabilidad por los da\u00f1os ocasionados.<\/p>\n<p>\u00ab\u00bfQui\u00e9n se va a responsabilizar de las p\u00e9rdidas que esto nos est\u00e1 ocasionando? Por supuesto, NADIE\u00bb, se lee en el comunicado. La cr\u00edtica se centra en la falta de previsi\u00f3n y en el silencio de las autoridades ante un problema que impacta directamente en la capacidad de trabajo de los negocios durante uno de los meses m\u00e1s importantes del a\u00f1o.<\/p>\n<p>A pesar de la falta de informaci\u00f3n sobre las obras, los comerciantes destacan que para otros tr\u00e1mites o cuestiones, el Ayuntamiento y la Polic\u00eda saben perfectamente c\u00f3mo enviarles informaci\u00f3n y requerimientos. Esta disparidad en la comunicaci\u00f3n ha generado frustraci\u00f3n entre los empresarios, quienes sienten que sus necesidades no est\u00e1n siendo atendidas adecuadamente.<\/p>\n<p>La situaci\u00f3n se agrava por el estado de la zona, que se encuentra medio cerrada, llena de polvo, suciedad, ruido y obras, justo cuando m\u00e1s visitantes llegan a Le\u00f3n. Los comerciantes consideran que esta falta de previsi\u00f3n y respeto hacia los negocios y vecinos es inaceptable, especialmente cuando llevan meses soportando esta situaci\u00f3n.<\/p>\n<p>\u00abNo pedimos privilegios. Pedimos informaci\u00f3n, planificaci\u00f3n y que alguien asuma responsabilidades\u00bb, exigen los empresarios, quienes se han unido a la protesta de toda una calle que lleva meses sufriendo las consecuencias de lo que consideran un desastre.<\/p>\n<p>Detr\u00e1s de cada negocio hay trabajadores, familias y personas que dependen de poder abrir sus puertas, recuerdan los comerciantes, subrayando la importancia de una gesti\u00f3n eficiente y responsable por parte de las autoridades locales para garantizar el bienestar econ\u00f3mico y social de la comunidad.<\/p>\n<p class=\"aviso-ia\" style=\"margin-top:1.5em;padding-top:.75em;border-top:1px solid #ddd;font-size:.85em;color:#666;font-style:italic\"><strong>Transparencia:<\/strong> Elaborado con asistencia de inteligencia artificial y revisado editorialmente por la redacci\u00f3n. Imagen generada o manipulada con IA.<\/p>\n","protected":false},"excerpt":{"rendered":"<p>Empresarios locales critican la gesti\u00f3n de obras que afectan sus negocios en pleno verano.<\/p>\n","protected":false},"author":1,"featured_media":871,"comment_status":"open","ping_status":"open","sticky":false,"template":"","format":"standard","meta":{"_acf_changed":false,"footnotes":""},"categories":[19],"tags":[],"class_list":["post-870","post","type-post","status-publish","format-standard","has-post-thumbnail","hentry","category-leon"],"acf":[],"_links":{"self":[{"href":"https:\/\/castillaleonaldia.com\/index.php?rest_route=\/wp\/v2\/posts\/870","targetHints":{"allow":["GET"]}}],"collection":[{"href":"https:\/\/castillaleonaldia.com\/index.php?rest_route=\/wp\/v2\/posts"}],"about":[{"href":"https:\/\/castillaleonaldia.com\/index.php?rest_route=\/wp\/v2\/types\/post"}],"author":[{"embeddable":true,"href":"https:\/\/castillaleonaldia.com\/index.php?rest_route=\/wp\/v2\/users\/1"}],"replies":[{"embeddable":true,"href":"https:\/\/castillaleonaldia.com\/index.php?rest_route=%2Fwp%2Fv2%2Fcomments&post=870"}],"version-history":[{"count":0,"href":"https:\/\/castillaleonaldia.com\/index.php?rest_route=\/wp\/v2\/posts\/870\/revisions"}],"wp:featuredmedia":[{"embeddable":true,"href":"https:\/\/castillaleonaldia.com\/index.php?rest_route=\/wp\/v2\/media\/871"}],"wp:attachment":[{"href":"https:\/\/castillaleonaldia.com\/index.php?rest_route=%2Fwp%2Fv2%2Fmedia&parent=870"}],"wp:term":[{"taxonomy":"category","embeddable":true,"href":"https:\/\/castillaleonaldia.com\/index.php?rest_route=%2Fwp%2Fv2%2Fcategories&post=870"},{"taxonomy":"post_tag","embeddable":true,"href":"https:\/\/castillaleonaldia.com\/index.php?rest_route=%2Fwp%2Fv2%2Ftags&post=870"}],"curies":[{"name":"wp","href":"https:\/\/api.w.org\/{rel}","templated":true}]}}