{"id":888,"date":"2026-09-01T09:56:17","date_gmt":"2026-09-01T09:56:17","guid":{"rendered":"https:\/\/castillaleonaldia.com\/?p=888"},"modified":"2026-09-01T09:56:17","modified_gmt":"2026-09-01T09:56:17","slug":"la-justicia-ratifica-el-archivo-de-la-causa-contra-la-alcaldesa-de-santa-maria-del-paramo","status":"publish","type":"post","link":"https:\/\/castillaleonaldia.com\/?p=888","title":{"rendered":"La Justicia ratifica el archivo de la causa contra la alcaldesa de Santa Mar\u00eda del P\u00e1ramo"},"content":{"rendered":"<p>La Justicia ha ratificado el archivo de la causa contra Alicia Gallego, la alcaldesa de Santa Mar\u00eda del P\u00e1ramo, en una decisi\u00f3n que ha sido recibida con alivio por parte de sus seguidores y con cr\u00edticas por parte de sus detractores. El tribunal ha confirmado que no existen pruebas suficientes para continuar con el proceso judicial, lo que ha llevado al cierre definitivo del caso.<\/p>\n<p>La causa contra Gallego hab\u00eda generado un significativo inter\u00e9s medi\u00e1tico y pol\u00edtico, dado su papel como figura p\u00fablica en la regi\u00f3n. La acusaci\u00f3n inicial se centraba en presuntas irregularidades administrativas durante su mandato, lo que hab\u00eda llevado a la apertura de una investigaci\u00f3n formal. Sin embargo, tras un exhaustivo examen de las pruebas presentadas, el tribunal ha determinado que no hay fundamentos legales para proceder con el juicio.<\/p>\n<p>La decisi\u00f3n de archivar la causa ha sido respaldada por el equipo legal de Gallego, quienes han sostenido desde el principio que las acusaciones carec\u00edan de base. \u00abSiempre hemos confiado en la integridad de Alicia Gallego y en que la verdad saldr\u00eda a la luz\u00bb, declar\u00f3 su abogado defensor tras conocerse la resoluci\u00f3n judicial.<\/p>\n<p>Por otro lado, la oposici\u00f3n ha manifestado su descontento con la decisi\u00f3n, argumentando que el archivo del caso podr\u00eda sentar un precedente preocupante sobre la rendici\u00f3n de cuentas de los funcionarios p\u00fablicos. Algunos l\u00edderes opositores han expresado su intenci\u00f3n de continuar investigando de manera independiente las acciones de Gallego durante su mandato.<\/p>\n<p>La alcaldesa, por su parte, ha emitido un comunicado agradeciendo el apoyo recibido y reafirmando su compromiso con la transparencia y el buen gobierno. \u00abEste resultado refuerza mi dedicaci\u00f3n a seguir trabajando por el bienestar de Santa Mar\u00eda del P\u00e1ramo\u00bb, afirm\u00f3 Gallego. Tambi\u00e9n hizo un llamado a la unidad y al trabajo conjunto para superar las divisiones pol\u00edticas que el caso hab\u00eda exacerbado.<\/p>\n<p>El archivo de la causa no solo tiene implicaciones legales, sino tambi\u00e9n pol\u00edticas. En un contexto donde la confianza en las instituciones es fundamental, el desenlace de este caso podr\u00eda influir en la percepci\u00f3n p\u00fablica sobre la gesti\u00f3n de Gallego y su equipo. Algunos analistas pol\u00edticos sugieren que este podr\u00eda ser un punto de inflexi\u00f3n en su carrera, permiti\u00e9ndole consolidar su liderazgo en la comunidad.<\/p>\n<p>En conclusi\u00f3n, la ratificaci\u00f3n del archivo de la causa contra Alicia Gallego marca el fin de un cap\u00edtulo controvertido en la pol\u00edtica local de Santa Mar\u00eda del P\u00e1ramo. Mientras sus seguidores celebran la decisi\u00f3n como una victoria de la justicia, sus cr\u00edticos contin\u00faan cuestionando el proceso. Lo que es indudable es que este caso ha dejado una huella en el panorama pol\u00edtico de la regi\u00f3n, subrayando la importancia de la transparencia y la rendici\u00f3n de cuentas en la gesti\u00f3n p\u00fablica.<\/p>\n<p class=\"aviso-ia\" style=\"margin-top:1.5em;padding-top:.75em;border-top:1px solid #ddd;font-size:.85em;color:#666;font-style:italic\"><strong>Transparencia:<\/strong> Elaborado con asistencia de inteligencia artificial y revisado editorialmente por la redacci\u00f3n. Imagen generada o manipulada con IA.<\/p>\n","protected":false},"excerpt":{"rendered":"<p>El tribunal confirma la decisi\u00f3n de no proceder con el caso contra Alicia Gallego.<\/p>\n","protected":false},"author":1,"featured_media":889,"comment_status":"open","ping_status":"open","sticky":false,"template":"","format":"standard","meta":{"_acf_changed":false,"footnotes":""},"categories":[19],"tags":[],"class_list":["post-888","post","type-post","status-publish","format-standard","has-post-thumbnail","hentry","category-leon"],"acf":[],"_links":{"self":[{"href":"https:\/\/castillaleonaldia.com\/index.php?rest_route=\/wp\/v2\/posts\/888","targetHints":{"allow":["GET"]}}],"collection":[{"href":"https:\/\/castillaleonaldia.com\/index.php?rest_route=\/wp\/v2\/posts"}],"about":[{"href":"https:\/\/castillaleonaldia.com\/index.php?rest_route=\/wp\/v2\/types\/post"}],"author":[{"embeddable":true,"href":"https:\/\/castillaleonaldia.com\/index.php?rest_route=\/wp\/v2\/users\/1"}],"replies":[{"embeddable":true,"href":"https:\/\/castillaleonaldia.com\/index.php?rest_route=%2Fwp%2Fv2%2Fcomments&post=888"}],"version-history":[{"count":0,"href":"https:\/\/castillaleonaldia.com\/index.php?rest_route=\/wp\/v2\/posts\/888\/revisions"}],"wp:featuredmedia":[{"embeddable":true,"href":"https:\/\/castillaleonaldia.com\/index.php?rest_route=\/wp\/v2\/media\/889"}],"wp:attachment":[{"href":"https:\/\/castillaleonaldia.com\/index.php?rest_route=%2Fwp%2Fv2%2Fmedia&parent=888"}],"wp:term":[{"taxonomy":"category","embeddable":true,"href":"https:\/\/castillaleonaldia.com\/index.php?rest_route=%2Fwp%2Fv2%2Fcategories&post=888"},{"taxonomy":"post_tag","embeddable":true,"href":"https:\/\/castillaleonaldia.com\/index.php?rest_route=%2Fwp%2Fv2%2Ftags&post=888"}],"curies":[{"name":"wp","href":"https:\/\/api.w.org\/{rel}","templated":true}]}}