{"id":890,"date":"2026-09-01T11:13:06","date_gmt":"2026-09-01T11:13:06","guid":{"rendered":"https:\/\/castillaleonaldia.com\/?p=890"},"modified":"2026-09-01T11:13:06","modified_gmt":"2026-09-01T11:13:06","slug":"santa-maria-del-paramo-se-prepara-para-unas-fiestas-patronales-de-referencia-en-leon","status":"publish","type":"post","link":"https:\/\/castillaleonaldia.com\/?p=890","title":{"rendered":"Santa Mar\u00eda del P\u00e1ramo se prepara para unas fiestas patronales de referencia en Le\u00f3n"},"content":{"rendered":"<p>Santa Mar\u00eda del P\u00e1ramo se alista para vivir una de las celebraciones m\u00e1s esperadas del a\u00f1o, las Fiestas Patronales 2026, que prometen ser un referente en la provincia de Le\u00f3n. Del 3 al 8 de septiembre, la localidad se convertir\u00e1 en el epicentro de una serie de actividades que combinan tradici\u00f3n, cultura y entretenimiento para todos los p\u00fablicos.<\/p>\n<p>La programaci\u00f3n de este a\u00f1o incluye una amplia gama de eventos que abarcan desde conciertos y espect\u00e1culos teatrales hasta competiciones deportivas y ferias gastron\u00f3micas. Uno de los eventos m\u00e1s destacados ser\u00e1 la 65\u00aa Feria Multisectorial y Agroalimentaria, que se llevar\u00e1 a cabo los d\u00edas 6 y 7 de septiembre. Esta feria es conocida por atraer a un gran n\u00famero de visitantes y expositores, consolid\u00e1ndose como un punto de encuentro para el comercio y la industria local.<\/p>\n<p>El Ayuntamiento de Santa Mar\u00eda del P\u00e1ramo ha trabajado intensamente para asegurar que estas fiestas sean un \u00e9xito rotundo. La alcaldesa, Alicia Gallego, ha destacado la importancia de la planificaci\u00f3n y la coordinaci\u00f3n para gestionar un evento de tal magnitud. \u00abHemos puesto especial \u00e9nfasis en la seguridad y en ofrecer actividades para todas las edades\u00bb, afirm\u00f3 Gallego.<\/p>\n<p>Entre las actividades programadas, se encuentra el Festival Internacional de Teatro de Calle MAIZ, que celebra su vig\u00e9sima edici\u00f3n. Este festival es conocido por su capacidad para transformar las calles de Santa Mar\u00eda del P\u00e1ramo en escenarios llenos de vida y creatividad. Adem\u00e1s, el festival contar\u00e1 con la participaci\u00f3n de artistas internacionales que presentar\u00e1n espect\u00e1culos innovadores y sorprendentes.<\/p>\n<p>La m\u00fasica tambi\u00e9n jugar\u00e1 un papel central en las festividades. Se han organizado conciertos con artistas de renombre que prometen llenar de ritmo y alegr\u00eda las noches de la localidad. Adem\u00e1s, se ha preparado un espect\u00e1culo pirot\u00e9cnico que iluminar\u00e1 el cielo de Santa Mar\u00eda del P\u00e1ramo, creando un ambiente m\u00e1gico y festivo.<\/p>\n<p>El aspecto gastron\u00f3mico no se queda atr\u00e1s, con una feria que ofrecer\u00e1 una amplia variedad de productos locales. Los visitantes podr\u00e1n degustar desde los tradicionales embutidos y quesos de la regi\u00f3n hasta innovadoras propuestas culinarias que combinan sabores tradicionales con t\u00e9cnicas modernas.<\/p>\n<p>La seguridad y el bienestar de los asistentes son una prioridad para el Ayuntamiento. Se ha implementado un dispositivo especial que incluye la colaboraci\u00f3n de la Polic\u00eda Local y Protecci\u00f3n Civil para garantizar que las fiestas transcurran sin incidentes.<\/p>\n<p>Estas fiestas no solo son una oportunidad para disfrutar de una amplia oferta cultural y de ocio, sino que tambi\u00e9n refuerzan el car\u00e1cter comercial de Santa Mar\u00eda del P\u00e1ramo. Durante estos d\u00edas, los comercios locales experimentan un aumento significativo en sus ventas, lo que contribuye al desarrollo econ\u00f3mico de la regi\u00f3n.<\/p>\n<p>En resumen, Santa Mar\u00eda del P\u00e1ramo est\u00e1 lista para recibir a miles de visitantes en sus Fiestas Patronales 2026. Con una programaci\u00f3n diversa y atractiva, la localidad se prepara para ofrecer una experiencia inolvidable que combina lo mejor de la tradici\u00f3n y la modernidad. Sin duda, estas fiestas se convertir\u00e1n en un hito en la agenda cultural de la provincia de Le\u00f3n.<\/p>\n<p class=\"aviso-ia\" style=\"margin-top:1.5em;padding-top:.75em;border-top:1px solid #ddd;font-size:.85em;color:#666;font-style:italic\"><strong>Transparencia:<\/strong> Elaborado con asistencia de inteligencia artificial y revisado editorialmente por la redacci\u00f3n. Imagen generada o manipulada con IA.<\/p>\n","protected":false},"excerpt":{"rendered":"<p>La localidad acoger\u00e1 eventos culturales, deportivos y gastron\u00f3micos del 3 al 8 de septiembre de 2026.<\/p>\n","protected":false},"author":1,"featured_media":891,"comment_status":"open","ping_status":"open","sticky":false,"template":"","format":"standard","meta":{"_acf_changed":false,"footnotes":""},"categories":[19],"tags":[],"class_list":["post-890","post","type-post","status-publish","format-standard","has-post-thumbnail","hentry","category-leon"],"acf":[],"_links":{"self":[{"href":"https:\/\/castillaleonaldia.com\/index.php?rest_route=\/wp\/v2\/posts\/890","targetHints":{"allow":["GET"]}}],"collection":[{"href":"https:\/\/castillaleonaldia.com\/index.php?rest_route=\/wp\/v2\/posts"}],"about":[{"href":"https:\/\/castillaleonaldia.com\/index.php?rest_route=\/wp\/v2\/types\/post"}],"author":[{"embeddable":true,"href":"https:\/\/castillaleonaldia.com\/index.php?rest_route=\/wp\/v2\/users\/1"}],"replies":[{"embeddable":true,"href":"https:\/\/castillaleonaldia.com\/index.php?rest_route=%2Fwp%2Fv2%2Fcomments&post=890"}],"version-history":[{"count":0,"href":"https:\/\/castillaleonaldia.com\/index.php?rest_route=\/wp\/v2\/posts\/890\/revisions"}],"wp:featuredmedia":[{"embeddable":true,"href":"https:\/\/castillaleonaldia.com\/index.php?rest_route=\/wp\/v2\/media\/891"}],"wp:attachment":[{"href":"https:\/\/castillaleonaldia.com\/index.php?rest_route=%2Fwp%2Fv2%2Fmedia&parent=890"}],"wp:term":[{"taxonomy":"category","embeddable":true,"href":"https:\/\/castillaleonaldia.com\/index.php?rest_route=%2Fwp%2Fv2%2Fcategories&post=890"},{"taxonomy":"post_tag","embeddable":true,"href":"https:\/\/castillaleonaldia.com\/index.php?rest_route=%2Fwp%2Fv2%2Ftags&post=890"}],"curies":[{"name":"wp","href":"https:\/\/api.w.org\/{rel}","templated":true}]}}